{"id":1334,"date":"2020-10-23T09:08:51","date_gmt":"2020-10-23T07:08:51","guid":{"rendered":"http:\/\/www.aufabwegen.de\/events\/?p=1334"},"modified":"2020-10-31T08:40:25","modified_gmt":"2020-10-31T06:40:25","slug":"geraeuschwelten-festival-2020","status":"publish","type":"post","link":"https:\/\/www.aufabwegen.de\/events\/archive\/1334","title":{"rendered":"CANCELLED &#8211; Ger\u00e4uschwelten Festival 2020"},"content":{"rendered":"\n<p><\/p>\n\n\n\n<p><strong>Unfortunately, due to the pandemic situation in Germany we had to cancel this event!<\/strong><\/p>\n\n\n\n<p>14. &amp; 15.11.2020<br>aufabwegen pr\u00e4sentiert:<br>&#8212; Ger\u00e4uschwelten Festival 2020 &#8212;<\/p>\n\n\n\n<p>14.11.2020, ab 20.00h<br>Konzerte von:<br><strong>Christoph Heemann (D)<br>Crys Cole (CAN)<br>Jetzmann (D)<\/strong><\/p>\n\n\n\n<p>15.11.2020, ab 18.00h<br>Konzerte von:<br><strong>Asmus Tietchens (D)<br>Els Vandeweyer (B)<br>Anna Schimkat (D)<\/strong><\/p>\n\n\n\n<p>Tages-Ticket.: 12,00 EUR, Festival-Ticket: 20,00 EUR<\/p>\n\n\n\n<p>Alle Konzerte finden unter Einhaltung der geltenden Corona-Regeln statt in der:<br>Black Box\/cuba-cultur, Achtermannstr. 12, 48143 M\u00fcnster<\/p>\n\n\n\n<p><strong>Tickets nur im Vorverkauf \u00fcber: zipo@aufabwegen.com<\/strong><br><\/p>\n\n\n\n<p>INFORMATIONEN:<br>Zum vierten Mal findet das Festival \u201eGer\u00e4uschwelten\u201c in M\u00fcnster statt. Das Festival widmet sich den verschiedensten Spielarten der experimentellen elektronischen Musik, wobei das Element des Ger\u00e4uschhaften im Mittelpunkt steht. Die K\u00fcnstlerinnen und K\u00fcnstler verstehen sich als Soundmanipulateure, die gefundene Alltagskl\u00e4nge in ihre St\u00fccke integrieren \u2013 egal, ob sie songhafte St\u00fccke, freie Ger\u00e4uschimprovisationen, Instrumentalbearbeitungen oder beatlastige Tracks produzieren. \u201eGer\u00e4uschwelten\u201c wirft ein Schlaglicht auf eine internationale Szene, die sich irgendwo zwischen musique concrete, Brian Eno und Industrial Music verorten l\u00e4\u00dft. Die auftretenden Musikerinnen und Musiker emanzipieren das Ger\u00e4usch von Zweckzusammenh\u00e4ngen und pr\u00e4sentieren eine eigene Ger\u00e4usch\u00e4sthetik.<\/p>\n\n\n\n<p>Das \u201eGer\u00e4uschwelten\u201c Festival wird vom K\u00f6lner Label aufabwegen veranstaltet und in Kooperation mit dem cuba cultur und dem Kulturradio WDR 3 produziert. Der Westdeutsche Rundfunk schneidet alle Konzerte live mit und sendet Ausschnitte und K\u00fcnstlerinterviews in zwei zweist\u00fcndigen Sendungen auf WDR3 im kommenden Jahr.<\/p>\n\n\n\n<div class=\"wp-block-image\"><figure class=\"alignleft size-large is-resized\"><img loading=\"lazy\" decoding=\"async\" src=\"https:\/\/www.aufabwegen.de\/events\/wp-content\/uploads\/2020\/10\/WDR3_Logo_4C_pos_coated-1024x410.jpg\" alt=\"\" class=\"wp-image-1365\" width=\"106\" height=\"42\" srcset=\"https:\/\/www.aufabwegen.de\/events\/wp-content\/uploads\/2020\/10\/WDR3_Logo_4C_pos_coated-1024x410.jpg 1024w, https:\/\/www.aufabwegen.de\/events\/wp-content\/uploads\/2020\/10\/WDR3_Logo_4C_pos_coated-300x120.jpg 300w, https:\/\/www.aufabwegen.de\/events\/wp-content\/uploads\/2020\/10\/WDR3_Logo_4C_pos_coated-768x307.jpg 768w, https:\/\/www.aufabwegen.de\/events\/wp-content\/uploads\/2020\/10\/WDR3_Logo_4C_pos_coated.jpg 1182w\" sizes=\"auto, (max-width: 106px) 100vw, 106px\" \/><\/figure><\/div>\n\n\n\n<p><\/p>\n\n\n\n<p><\/p>\n\n\n\n<p> <\/p>\n\n\n\n<p>Tickets &amp; Infos<br>aufabwegen\/Till Kniola<br>E-Mail: zipo( @ )aufabwegen.com<br><\/p>\n\n\n\n<p><\/p>\n\n\n\n<p><\/p>\n\n\n\n<p><strong>K\u00fcnstlerinformationen<\/strong><\/p>\n\n\n\n<div class=\"wp-block-image\"><figure class=\"alignleft size-large is-resized\"><img loading=\"lazy\" decoding=\"async\" src=\"https:\/\/www.aufabwegen.de\/events\/wp-content\/uploads\/2020\/10\/ch-stage-1024x577.jpg\" alt=\"\" class=\"wp-image-1344\" width=\"301\" height=\"169\" srcset=\"https:\/\/www.aufabwegen.de\/events\/wp-content\/uploads\/2020\/10\/ch-stage-1024x577.jpg 1024w, https:\/\/www.aufabwegen.de\/events\/wp-content\/uploads\/2020\/10\/ch-stage-300x169.jpg 300w, https:\/\/www.aufabwegen.de\/events\/wp-content\/uploads\/2020\/10\/ch-stage-768x433.jpg 768w, https:\/\/www.aufabwegen.de\/events\/wp-content\/uploads\/2020\/10\/ch-stage-1536x866.jpg 1536w, https:\/\/www.aufabwegen.de\/events\/wp-content\/uploads\/2020\/10\/ch-stage-2048x1154.jpg 2048w\" sizes=\"auto, (max-width: 301px) 100vw, 301px\" \/><\/figure><\/div>\n\n\n\n<p><\/p>\n\n\n\n<p><\/p>\n\n\n\n<p><strong>Christoph Heemann (D)<\/strong><br>Christoph Heemann was born into a musical family in 1964 in Aachen, Germany. Though his parents and four siblings all received formal musical training, at an early age Heemann rejected this as he felt the need to find his own way of learning and creating. At the age of 13, he did receive some formal training in music theory thanks primarily to an enthusiastic music teacher.<br>During studies in Art History, Philosophy &amp; English literature at the Technical University of Aachen in 1983, he began experimenting with electronic instruments and home recording equipment along with a companion, Achim Flaam. The following year Heemann, along with Flaam and his brother Andreas Martin, started the seminal experimental music project Hirsche Nicht Aufs Sofa (HNAS) and created their own label Dom to release some cassettes of their first pieces of surrealistic collage music that included elements of musique concrete, electronics, folklore and humor. HNAS continued to release records until the groups demise in 1993, such as the album \u201cMelchior\u201d, co-produced by Steven Stapleton of Nurse With Wound, as well as several other LPs and CDs on Dom and other labels worldwide.<br>In 1989, Heemann began a long-standing relationship with American musician\/composer Jim O&#8217;Rourke, and together with Edward Ka-spel and Andreas Martin recorded three albums as the group Mimir. His first solo album was released the following year, and the same year he completed a long standing collaboration with the Japanese noise artist Masami Akita (aka Merzbow). As Heemann\u2019s fascination with film grew, an interest in exploring the visually suggestive powers of sound produced three more solo albums for labels such as Extreme and Barooni.<br>In 1993 launched his own label, Streamline, which is still active and is releasing records through an arrangement with the influential US-based independent label Drag City. A period of intense work began in 1998 with the formation of Mirror, a project with English sound artist Andrew Chalk, which focused on graphics as well as music, drawing on the beautiful artworks of both Chalk and Heemann. By 2005, Mirror had released over 20 albums that included musical contributions from Andreas Martin and Jim O&#8217;Rourke and appeared in concerts in Europe, America and Japan. A rare solo appearance at Queen Elizabeth Hall in London as part of the Ether festival drew rave reviews.<br>Currently Heemann composes, performs, and produces and records albums by sound artists\/composers such as Limpe Fuchs, Keiji Haino, Charlemagne Palestine, and many others. His ongoing musical collaborations include work with Jim O&#8217;Rourke, William Basinski, Lee Ranaldo, and with Timo van Luyck on the In Camera project.<br>(Danny Gromfin)<br><a rel=\"noreferrer noopener\" href=\"https:\/\/christophheemann.bandcamp.com\/\" target=\"_blank\">https:\/\/christophheemann.bandcamp.com\/<\/a><br>Konzert 14.11.2020 BlackBox\/cuba-cultur<br>Photo: Christoph Heemann<\/p>\n\n\n\n<p><\/p>\n\n\n\n<p><\/p>\n\n\n\n<div class=\"wp-block-image is-style-default\"><figure class=\"alignleft size-large is-resized\"><img loading=\"lazy\" decoding=\"async\" src=\"https:\/\/www.aufabwegen.de\/events\/wp-content\/uploads\/2020\/10\/crys-solo-wpg-hires4-1024x746.jpg\" alt=\"\" class=\"wp-image-1340\" width=\"300\" height=\"218\" srcset=\"https:\/\/www.aufabwegen.de\/events\/wp-content\/uploads\/2020\/10\/crys-solo-wpg-hires4-1024x746.jpg 1024w, https:\/\/www.aufabwegen.de\/events\/wp-content\/uploads\/2020\/10\/crys-solo-wpg-hires4-300x219.jpg 300w, https:\/\/www.aufabwegen.de\/events\/wp-content\/uploads\/2020\/10\/crys-solo-wpg-hires4-768x560.jpg 768w, https:\/\/www.aufabwegen.de\/events\/wp-content\/uploads\/2020\/10\/crys-solo-wpg-hires4-1536x1120.jpg 1536w, https:\/\/www.aufabwegen.de\/events\/wp-content\/uploads\/2020\/10\/crys-solo-wpg-hires4-2048x1493.jpg 2048w\" sizes=\"auto, (max-width: 300px) 100vw, 300px\" \/><\/figure><\/div>\n\n\n\n<p><\/p>\n\n\n\n<p><\/p>\n\n\n\n<p><\/p>\n\n\n\n<p><\/p>\n\n\n\n<p><strong>Crys Cole (CAN)<\/strong><br>crys cole is a Canadian sound artist based in Berlin who works in composition, performance and sound installation. Taking a conceptual approach, she generates subtle and imperfect sounds through haptic gestures and seemingly mundane materials to create texturally nuanced works that continuously retune the ear.<br>cole has performed in Canada, Japan, Australia, Thailand, Singapore, the USA, UK and throughout Europe. Her regular collaborators include Oren Ambarchi (AU) and James Rushford (AU) (as the duo Ora Clementi). She has also worked with Francis Plagne (AU), Leif Elggren (SW), Tetuzi Akiyama (JP), Seiji Morimoto (DE), Jessika Kenney (US), David Rosenboom (US), Annea Lockwood (US\/NZ), Keith Rowe (UK), Lance Austin Olsen (CA), Jamie Drouin (CA), Mathieu Ruhlmann (CA), David Behrman (US), Tim Olive (JP\/CA), Graham Lambkin (UK) and many more.<br>Cole\u2019s work has been published on labels Black Truffle (AU), Penultimate Press (UK), Students of Decay (US), Ultra Eczema (BE), caduc (CA), Bocian (PL), Another Timbre (UK) and Infrequency editions (CA\/DE). With guest appearances published on Touch (UK) and Editions Mego (AT).<br>Her work has been exhibited in Canada, Russia, Czech Republic, Germany, Denmark, Sweden, the UK and Thailand.<br><a rel=\"noreferrer noopener\" href=\"http:\/\/www.cryscole.com\" target=\"_blank\">www.cryscole.com<\/a><br>Konzert 14.11.2020 BlackBox\/cuba-cultur<br>Photo: Robert Szkolnicki<\/p>\n\n\n\n<p><\/p>\n\n\n\n<div class=\"wp-block-image\"><figure class=\"alignleft size-large is-resized\"><img loading=\"lazy\" decoding=\"async\" src=\"https:\/\/www.aufabwegen.de\/events\/wp-content\/uploads\/2020\/10\/Jetzmann-1-.jpg\" alt=\"\" class=\"wp-image-1348\" width=\"300\" height=\"292\" srcset=\"https:\/\/www.aufabwegen.de\/events\/wp-content\/uploads\/2020\/10\/Jetzmann-1-.jpg 567w, https:\/\/www.aufabwegen.de\/events\/wp-content\/uploads\/2020\/10\/Jetzmann-1--300x293.jpg 300w, https:\/\/www.aufabwegen.de\/events\/wp-content\/uploads\/2020\/10\/Jetzmann-1--50x50.jpg 50w\" sizes=\"auto, (max-width: 300px) 100vw, 300px\" \/><\/figure><\/div>\n\n\n\n<p><\/p>\n\n\n\n<p><\/p>\n\n\n\n<p><strong>Jetzmann (D)<\/strong><br>Jetzmann (aka Horst Petersen) wurde musikalisch durch Bands wie Die Erde, Mastino u.a. sozialisiert (s. Filmdokumentation \u201eDie Liebe frisst das Leben\u201c von Oliver Schwabe).<br>Er konzentrierte sich nach der Jahrtausendwende auf die Produktion von B\u00fchnenmusik und Radioarbeit und komponierte Musik vor allem f\u00fcr die Auff\u00fchrungen von Jenny Beyer, u.a. auch f\u00fcr die Choreografinnen\/Regisseurinnen Beg\u00fcm Erciyas, Emilie Girardin Dobosiewicz und Gloria Hoeckner.<br>Er produziert zwei regelm\u00e4\u00dfige Radiosendungen beim Hamburger Sender FSK: \u201eRadio Gagarin\u201c mit Asmus Tietchens und den w\u00f6chentlichen \u201eAUSFLUG\u201c.<br>Im Konzert bindet er Elemente von Improvisation und Ger\u00e4usch in Loops und Kippfiguren aus Rhythmus und metabolistischem Arhythmus ein, benutzt Sampler, Synthesizer, Stompboxen und liest kurze Texte.<br>Letzte Vinyl-Ver\u00f6ffentlichung: Die Single \u201eBullenwagen klaun und die Innenstadt demolieren\u201c zusammen mit Ale Dumbsky als Jetsky (riotbikerecords, vergriffen).<br>In den letzten Jahren wurde seine Musik auf verschiedenen digitalen Compilations publiziert. Ende des Jahres erscheint die LP \u201eUse the Air\u201c bei aufabwegen.<br><a rel=\"noreferrer noopener\" href=\"http:\/\/www.jetzmann.de\" target=\"_blank\">www.jetzmann.de<\/a><br>Konzert 14.11.2020 BlackBox\/cuba-cultur<br>Photo: Jetzmann<\/p>\n\n\n\n<p><\/p>\n\n\n\n<div class=\"wp-block-image\"><figure class=\"alignleft size-large is-resized\"><img loading=\"lazy\" decoding=\"async\" src=\"https:\/\/www.aufabwegen.de\/events\/wp-content\/uploads\/2020\/10\/Tietchens_by_TillKniola-1024x768.jpg\" alt=\"\" class=\"wp-image-1351\" width=\"300\" height=\"225\" srcset=\"https:\/\/www.aufabwegen.de\/events\/wp-content\/uploads\/2020\/10\/Tietchens_by_TillKniola-1024x768.jpg 1024w, https:\/\/www.aufabwegen.de\/events\/wp-content\/uploads\/2020\/10\/Tietchens_by_TillKniola-300x225.jpg 300w, https:\/\/www.aufabwegen.de\/events\/wp-content\/uploads\/2020\/10\/Tietchens_by_TillKniola-768x576.jpg 768w, https:\/\/www.aufabwegen.de\/events\/wp-content\/uploads\/2020\/10\/Tietchens_by_TillKniola-1536x1152.jpg 1536w, https:\/\/www.aufabwegen.de\/events\/wp-content\/uploads\/2020\/10\/Tietchens_by_TillKniola-2048x1536.jpg 2048w\" sizes=\"auto, (max-width: 300px) 100vw, 300px\" \/><\/figure><\/div>\n\n\n\n<p><\/p>\n\n\n\n<p><\/p>\n\n\n\n<p><strong>Asmus Tietchens (D)<\/strong><br>Tietchens wurde 1947 in Hamburg geboren. Seit 1975 ist er freier Musiker; 1980 erschien sein erstes Soloalbum Nachtst\u00fccke. Nach eher rhythmischharmonisch bestimmten LP-Ver\u00f6ffentlichungen Anfang der 1980er Jahre auf dem Label Sky erschien 1984 auf United Dairies mit Formen letzter Hausmusik ein Industrial-Album, das Tietchens\u2019 musikalische Interessen klar formulierte: Ger\u00e4usche werden bearbeitet, dabei mitunter bis zur Unkenntlichkeit verfremdet und in neue Zusammenh\u00e4nge gestellt. Inzwischen hat Asmus Tietchens \u00fcber 80 Alben auf internationalen Labels ver\u00f6ffentlicht, auf denen er oft die klanglichen<br>M\u00f6glichkeiten einzelner Quellen untersucht hat (vom Wasser bis hin zum reinen Sinuston). Als Nebenprojekt existiert die Phantasieband Hematic Sunsets. Tietchens\u2019 Arbeit ist ein skeptischer Gestus zu eigen, der sich nicht zuletzt in den regelm\u00e4\u00dfigen Zitaten des Philosophen E.M. Cioran auf seinen<br>Tontr\u00e4gerh\u00fcllen zeigt. Asmus Tietchens \u00e4u\u00dfert sich regelm\u00e4\u00dfig in Essays zu seiner Arbeit und den Gepflogenheiten der Ger\u00e4uschmusik. Asmus Tietchens wurde zweimal der renommierte Karl-Sczuka-Preis des S\u00fcdwestrundfunks (SWR) verliehen: 2003 f\u00fcr Heidelberger Studien 1-6 und 2006 f\u00fcr Trois Dryades. Er lebt und arbeitet in Hamburg.<br><a rel=\"noreferrer noopener\" href=\"http:\/\/www.tietchens.de\" target=\"_blank\">www.tietchens.de<\/a><br>Konzert 15.11.2020 BlackBox\/cuba-cultur<br>Photo: Till Kniola<\/p>\n\n\n\n<p><\/p>\n\n\n\n<div class=\"wp-block-image\"><figure class=\"alignleft size-large is-resized\"><img loading=\"lazy\" decoding=\"async\" src=\"https:\/\/www.aufabwegen.de\/events\/wp-content\/uploads\/2020\/10\/els_vandeweyer-1024x682.jpg\" alt=\"\" class=\"wp-image-1354\" width=\"300\" height=\"200\" srcset=\"https:\/\/www.aufabwegen.de\/events\/wp-content\/uploads\/2020\/10\/els_vandeweyer-1024x682.jpg 1024w, https:\/\/www.aufabwegen.de\/events\/wp-content\/uploads\/2020\/10\/els_vandeweyer-300x200.jpg 300w, https:\/\/www.aufabwegen.de\/events\/wp-content\/uploads\/2020\/10\/els_vandeweyer-768x512.jpg 768w, https:\/\/www.aufabwegen.de\/events\/wp-content\/uploads\/2020\/10\/els_vandeweyer.jpg 1100w\" sizes=\"auto, (max-width: 300px) 100vw, 300px\" \/><\/figure><\/div>\n\n\n\n<p><\/p>\n\n\n\n<p><\/p>\n\n\n\n<p><strong>Els Vandeweyer (B)<\/strong><br>Els Vandeweyer ist Vibraphonistin, Perkussionistin und Komponistin. Sie ist in Belgien aufgewachsen und lebt in Berlin. Nach dem Studium der klassischen Perkussion in Antwerpen, Jazz in Br\u00fcssel und Oslo, geh\u00f6rt Vandeweyer zu den Gr\u00fcndern des IMI Kollektief. Mit dem Album \u201eSnug as a Gun\u201c, das auf Clean Feed (2006) ver\u00f6ffentlicht wurde, war sie sehr erfolgreich.<br>Die K\u00fcnstlerin entwickelt Solo-Performances und ist ebenso an Gruppenimprovisationen und in Ensembles der Zeitgen\u00f6ssischen Musik beteiligt. Ihre Auff\u00fchrung \u201eXenakis; Rebonds b\u201c, wurde im Radialsystem V aufgef\u00fchrt.<br>In 2017 leitete sie ein Oktett im Rahmen des Festivals Tactile Paths. Teil der Auff\u00fchrung war eine 25m lange Textilcollage mit dem Titel \u201eLandscape\u201c.<br>Zu den vergangenen Projekte geh\u00f6ren das Quat Quartet mit Fred Van Hove, Paul Lovens und Martin Blume \u201eLive atHasselt\u201c (NoBusiness Rekords 2013), das PascalNiggenkemper\u2018s Vision 7 \u201eLucky Prime\u201c (Clean Feed 2013) , das Andromeda Mega Express Orchestra &#8222;Live on Planet Earth&#8220; (Alien Transistor 2014) und Serenus Zeitblom Oktett &#8222;Erster Teil-Zweiter Teil-Dritter Teil&#8220; (Hyperdelia 2017).<br>Zu den aktuellen Projekten geh\u00f6ren Metal Illusion (mit Rieko Okuda), Kudu (mit Ignaz Schick und Klaus K\u00fcrvers), das SFO-orchester von Georg Graewe und die Zusammenarbeit mit Theater Zuidpool (Antwerpen). Mit &#8222;Debut&#8220; erschien ihr erstes Album unter eigenem Namen (90% Wasser, 2019).<br><a rel=\"noreferrer noopener\" href=\"http:\/\/www.elsvandeweyer.com\" target=\"_blank\">www.elsvandeweyer.com<\/a><br>Konzert 15.11.2020 BlackBox\/cuba-cultur<br>Photo: Viola F\u00f6rster v.d. L\u00fche<\/p>\n\n\n\n<div class=\"wp-block-image\"><figure class=\"alignleft size-large is-resized\"><img loading=\"lazy\" decoding=\"async\" src=\"https:\/\/www.aufabwegen.de\/events\/wp-content\/uploads\/2020\/10\/Kunstverein-Tiergarten-back_there-FotoMichaelZeeh-190927web-684x1024.jpg\" alt=\"\" class=\"wp-image-1360\" width=\"199\" height=\"300\"\/><\/figure><\/div>\n\n\n\n<p><\/p>\n\n\n\n<p><\/p>\n\n\n\n<p><\/p>\n\n\n\n<p><strong>Anna Schimkat (D)<\/strong><br>Als bildende K\u00fcnstlerin entwickelt Anna Schimkat ihre Arbeiten an der Grenze zwischen Skulptur und Klang. Sie interessiert sich f\u00fcr die bewusste Wahrnehmung von allt\u00e4glichen Klangr\u00e4umen, die sie als Konzert oder Installation in einem multidisziplin\u00e4ren Ansatz bearbeitet. Der gefundene Ton der Dinge und Umgebung ist Inspiration und Grundlage. Seit 2006 lebt Schimkat in Leipzig.<br>Neben Arbeiten im \u00f6ffentlichen Raum waren ihre Werke international in zahlreichen Einzel- und Gruppenausstellungen zu sehen, u.a. La Station Vastemonde (St. Brieuc, Frankreich), obPHON H\u00f6rkunsttage (Kirschau), Galerie Eigen+Art (Berlin), Galerie 3 Ringe (Leipzig), Goethe-Institut (Damaskus, Syrien), Kunstraum Michael Barthel (Leipzig), 24 Gauche Serie (Montreal, Kanada), RumpstiPumsti (Musik) (Berlin), Springhouse (Dresden), ausland (Berlin), Longbridge Light Festival (Birmingham, Gro\u00dfbritannien), Festival f\u00fcr experimentelle Musik (M\u00fcnchen) und beim Vadehavsfestival (Blavandshuk, D\u00e4nemark).<br><a rel=\"noreferrer noopener\" href=\"http:\/\/www.annaschimkat.de\" target=\"_blank\">www.annaschimkat.de<\/a><br>Konzert 15.11.2020 BlackBox\/cuba-cultur<br>Photo: Michael Zeeh<\/p>\n","protected":false},"excerpt":{"rendered":"<p>CANCELLED &#8211; ABGESAGT<\/p>\n","protected":false},"author":2,"featured_media":1375,"comment_status":"closed","ping_status":"closed","sticky":false,"template":"","format":"standard","meta":{"footnotes":""},"categories":[331,46,193,330,329,185,332,4,14],"tags":[],"class_list":["post-1334","post","type-post","status-publish","format-standard","has-post-thumbnail","hentry","category-anna-schimkat","category-asmus-tietchens","category-christoph-heemann","category-crys-cole","category-els-vandeweyer","category-festival","category-jetzmann","category-konzert","category-blackboxcuba-cultur-munster","entry","has-media"],"_links":{"self":[{"href":"https:\/\/www.aufabwegen.de\/events\/wp-json\/wp\/v2\/posts\/1334","targetHints":{"allow":["GET"]}}],"collection":[{"href":"https:\/\/www.aufabwegen.de\/events\/wp-json\/wp\/v2\/posts"}],"about":[{"href":"https:\/\/www.aufabwegen.de\/events\/wp-json\/wp\/v2\/types\/post"}],"author":[{"embeddable":true,"href":"https:\/\/www.aufabwegen.de\/events\/wp-json\/wp\/v2\/users\/2"}],"replies":[{"embeddable":true,"href":"https:\/\/www.aufabwegen.de\/events\/wp-json\/wp\/v2\/comments?post=1334"}],"version-history":[{"count":33,"href":"https:\/\/www.aufabwegen.de\/events\/wp-json\/wp\/v2\/posts\/1334\/revisions"}],"predecessor-version":[{"id":1379,"href":"https:\/\/www.aufabwegen.de\/events\/wp-json\/wp\/v2\/posts\/1334\/revisions\/1379"}],"wp:featuredmedia":[{"embeddable":true,"href":"https:\/\/www.aufabwegen.de\/events\/wp-json\/wp\/v2\/media\/1375"}],"wp:attachment":[{"href":"https:\/\/www.aufabwegen.de\/events\/wp-json\/wp\/v2\/media?parent=1334"}],"wp:term":[{"taxonomy":"category","embeddable":true,"href":"https:\/\/www.aufabwegen.de\/events\/wp-json\/wp\/v2\/categories?post=1334"},{"taxonomy":"post_tag","embeddable":true,"href":"https:\/\/www.aufabwegen.de\/events\/wp-json\/wp\/v2\/tags?post=1334"}],"curies":[{"name":"wp","href":"https:\/\/api.w.org\/{rel}","templated":true}]}}