{"id":1443,"date":"2021-09-08T08:28:00","date_gmt":"2021-09-08T06:28:00","guid":{"rendered":"https:\/\/www.aufabwegen.de\/events\/?p=1443"},"modified":"2021-09-10T08:40:31","modified_gmt":"2021-09-10T06:40:31","slug":"25-09-2021-asmus-tietchens-anna-schimkat-jetzmann","status":"publish","type":"post","link":"https:\/\/www.aufabwegen.de\/events\/archive\/1443","title":{"rendered":"25\/09\/2021 &#8211; Asmus Tietchens \/ Anna Schimkat \/ Jetzmann"},"content":{"rendered":"\n<p>aufabwegen was invited to curate two nights at KLANGZEIT in M\u00fcnster for the theme of \u201eExit\u201c. The second night on 25.09.2021 presents three different artistic positions \u2013 Asmus Tietchens plays discrete electronic music, Anna Schimkat performs live field recordings and Jetzmann presents disrupted instrumentals.<\/p>\n\n\n\n<p>The concerts start at 21.30h and takes place at<\/p>\n\n\n\n<p>Theater im Pumpenhaus<br>Gartenstr. 123<br>48147 M\u00fcnster<\/p>\n\n\n\n<p>Tickets are available online here:<br><a href=\"https:\/\/www.localticketing.de\/events\/29493-klangzeit-munster-2021\" target=\"_blank\" rel=\"noreferrer noopener\">https:\/\/www.localticketing.de\/events\/29493-klangzeit-munster-2021<\/a><\/p>\n\n\n\n<figure class=\"wp-block-image size-large is-resized\"><a href=\"https:\/\/www.aufabwegen.de\/events\/wp-content\/uploads\/2021\/09\/Tietchens_by_TillKniola.jpg\"><img loading=\"lazy\" decoding=\"async\" src=\"https:\/\/www.aufabwegen.de\/events\/wp-content\/uploads\/2021\/09\/Tietchens_by_TillKniola-1024x768.jpg\" alt=\"\" class=\"wp-image-1445\" width=\"401\" height=\"300\" srcset=\"https:\/\/www.aufabwegen.de\/events\/wp-content\/uploads\/2021\/09\/Tietchens_by_TillKniola-1024x768.jpg 1024w, https:\/\/www.aufabwegen.de\/events\/wp-content\/uploads\/2021\/09\/Tietchens_by_TillKniola-300x225.jpg 300w, https:\/\/www.aufabwegen.de\/events\/wp-content\/uploads\/2021\/09\/Tietchens_by_TillKniola-768x576.jpg 768w, https:\/\/www.aufabwegen.de\/events\/wp-content\/uploads\/2021\/09\/Tietchens_by_TillKniola-1536x1152.jpg 1536w, https:\/\/www.aufabwegen.de\/events\/wp-content\/uploads\/2021\/09\/Tietchens_by_TillKniola-2048x1536.jpg 2048w\" sizes=\"auto, (max-width: 401px) 100vw, 401px\" \/><\/a><figcaption>Asmus Tietchens by Till Kniola<\/figcaption><\/figure>\n\n\n\n<p>Tietchens was born in Hamburg in 1947. Since 1975 he has been working<br>as an independent musician; in 1980 he released his first solo record Nachtst\u00fccke.<br>After producing a series of rhythmic and harmonic albums for the Sky<br>label in the early 1980s he released his first industrial record Formen letzter<br>Hausmusik in 1984 on United Dairies. Here Tietchens articulated his musical<br>interests clearly: everyday noises were treated and at times deformed beyond<br>recognition and placed into new contexts. Until now Asmus Tietchens has<br>released more than 80 albums on international labels where he continues to<br>explore the posibilities presented to him by specific sound sources (ranging<br>from water sounds to pure sine wave tones). He has a more rhythm-oriented<br>fake band project called Hematic Sunsets. Tietchens\u2019 work is rooted in a deeply<br>sceptic gesture, marked by frequent quotes from the works of philosopher<br>E.M. Cioran on his album covers. Asmus Tietchens is very outspoken about the<br>state of affairs in noise music and contributes essays on the subject in various<br>publications. Asmus Tietchens has been awarded with the prestigious Karl Sczuka<br>Prize of the S\u00fcdwestrundfunk (SWR) twice: in 2003 for his work Heidelberger<br>Studien 1-6 and in 2006 for Trois Dryades. He lives and works in Hamburg.<br><a href=\"http:\/\/www.tietchens.de\" target=\"_blank\" rel=\"noreferrer noopener\">www.tietchens.de<\/a><\/p>\n\n\n\n<figure class=\"wp-block-image size-large is-resized\"><a href=\"https:\/\/www.aufabwegen.de\/events\/wp-content\/uploads\/2021\/09\/Kunstverein-Tiergarten-back_there-FotoMichaelZeeh-190927web.jpg\"><img loading=\"lazy\" decoding=\"async\" src=\"https:\/\/www.aufabwegen.de\/events\/wp-content\/uploads\/2021\/09\/Kunstverein-Tiergarten-back_there-FotoMichaelZeeh-190927web-684x1024.jpg\" alt=\"\" class=\"wp-image-1447\" width=\"300\" height=\"448\" srcset=\"https:\/\/www.aufabwegen.de\/events\/wp-content\/uploads\/2021\/09\/Kunstverein-Tiergarten-back_there-FotoMichaelZeeh-190927web-684x1024.jpg 684w, https:\/\/www.aufabwegen.de\/events\/wp-content\/uploads\/2021\/09\/Kunstverein-Tiergarten-back_there-FotoMichaelZeeh-190927web-200x300.jpg 200w, https:\/\/www.aufabwegen.de\/events\/wp-content\/uploads\/2021\/09\/Kunstverein-Tiergarten-back_there-FotoMichaelZeeh-190927web-768x1150.jpg 768w, https:\/\/www.aufabwegen.de\/events\/wp-content\/uploads\/2021\/09\/Kunstverein-Tiergarten-back_there-FotoMichaelZeeh-190927web.jpg 1004w\" sizes=\"auto, (max-width: 300px) 100vw, 300px\" \/><\/a><figcaption>Anna Schimkat by Michael Zeeh<\/figcaption><\/figure>\n\n\n\n<p>Als bildende K\u00fcnstlerin entwickelt Anna Schimkat ihre Arbeiten an der Grenze zwischen Skulptur und Klang. Sie interessiert sich f\u00fcr die bewusste Wahrnehmung von allt\u00e4glichen Klangr\u00e4umen, die sie als Konzert oder Installation in einem multidisziplin\u00e4ren Ansatz bearbeitet. Der gefundene Ton der Dinge und Umgebung ist Inspiration und Grundlage. Seit 2006 lebt Schimkat in Leipzig.<br>Neben Arbeiten im \u00f6ffentlichen Raum waren ihre Werke international in zahlreichen Einzel- und Gruppenausstellungen zu sehen, u.a. La Station Vastemonde (St. Brieuc, Frankreich), obPHON H\u00f6rkunsttage (Kirschau), Galerie Eigen+Art (Berlin), Galerie 3 Ringe (Leipzig), Goethe-Institut (Damaskus, Syrien), Kunstraum Michael Barthel (Leipzig), 24 Gauche Serie (Montreal, Kanada), RumpstiPumsti (Musik) (Berlin), Springhouse (Dresden), ausland (Berlin), Longbridge Light Festival (Birmingham, Gro\u00dfbritannien), Festival f\u00fcr experimentelle Musik (M\u00fcnchen) und beim Vadehavsfestival (Blavandshuk, D\u00e4nemark).<br><a href=\"http:\/\/annaschimkat.de\/\" target=\"_blank\" rel=\"noreferrer noopener\">http:\/\/annaschimkat.de\/<\/a><\/p>\n\n\n\n<figure class=\"wp-block-image size-full is-resized\"><a href=\"https:\/\/www.aufabwegen.de\/events\/wp-content\/uploads\/2021\/09\/Jetzmann-1-.jpg\"><img loading=\"lazy\" decoding=\"async\" src=\"https:\/\/www.aufabwegen.de\/events\/wp-content\/uploads\/2021\/09\/Jetzmann-1-.jpg\" alt=\"\" class=\"wp-image-1448\" width=\"307\" height=\"300\" srcset=\"https:\/\/www.aufabwegen.de\/events\/wp-content\/uploads\/2021\/09\/Jetzmann-1-.jpg 567w, https:\/\/www.aufabwegen.de\/events\/wp-content\/uploads\/2021\/09\/Jetzmann-1--300x293.jpg 300w, https:\/\/www.aufabwegen.de\/events\/wp-content\/uploads\/2021\/09\/Jetzmann-1--50x50.jpg 50w\" sizes=\"auto, (max-width: 307px) 100vw, 307px\" \/><\/a><figcaption>Jetzmann by Horst Petersen<\/figcaption><\/figure>\n\n\n\n<p>Jetzmann (aka Horst Petersen) wurde musikalisch durch Bands wie Die Erde, Mastino u.a. sozialisiert (s. Filmdokumentation \u201eDie Liebe frisst das Leben\u201c von Oliver Schwabe).<br>Er konzentrierte sich nach der Jahrtausendwende auf die Produktion von B\u00fchnenmusik und Radioarbeit und komponierte Musik vor allem f\u00fcr die Auff\u00fchrungen von Jenny Beyer, u.a. auch f\u00fcr die Choreografinnen\/Regisseurinnen Beg\u00fcm Erciyas, Emilie Girardin Dobosiewicz und Gloria Hoeckner.<br>Er produziert zwei regelm\u00e4\u00dfige Radiosendungen beim Hamburger Sender FSK: \u201eRadio Gagarin\u201c mit Asmus Tietchens und den w\u00f6chentlichen \u201eAUSFLUG\u201c.<br>Im Konzert bindet er Elemente von Improvisation und Ger\u00e4usch in Loops und Kippfiguren aus Rhythmus und metabolistischem Arhythmus ein, benutzt Sampler, Synthesizer, Stompboxen und liest kurze Texte.<br>Letzte Vinyl-Ver\u00f6ffentlichung: Die Single \u201eBullenwagen klaun und die Innenstadt demolieren\u201c zusammen mit Ale Dumbsky als Jetsky (riotbikerecords, vergriffen).<br>In den letzten Jahren wurde seine Musik auf verschiedenen digitalen Compilations publiziert. Ende des Jahres erscheint die LP \u201eUse the Air\u201c bei aufabwegen.<\/p>\n\n\n\n<p>Alle Links hier: <a href=\"http:\/\/www.jetzmann.de\" target=\"_blank\" rel=\"noreferrer noopener\">www.jetzmann.de<\/a><\/p>\n","protected":false},"excerpt":{"rendered":"<p>aufabwegen was invited to curate two nights at KLANGZEIT in M\u00fcnster for the theme of \u201eExit\u201c. The second night on 25.09.2021 presents three different artistic positions \u2013 Asmus Tietchens plays discrete electronic music, Anna Schimkat performs live field recordings and Jetzmann presents disrupted instrumentals.<\/p>\n","protected":false},"author":2,"featured_media":1445,"comment_status":"closed","ping_status":"closed","sticky":false,"template":"","format":"standard","meta":{"footnotes":""},"categories":[331,46,185,332,4,339],"tags":[],"class_list":["post-1443","post","type-post","status-publish","format-standard","has-post-thumbnail","hentry","category-anna-schimkat","category-asmus-tietchens","category-festival","category-jetzmann","category-konzert","category-muenster_theater-im-pumpenhaus","entry","has-media"],"_links":{"self":[{"href":"https:\/\/www.aufabwegen.de\/events\/wp-json\/wp\/v2\/posts\/1443","targetHints":{"allow":["GET"]}}],"collection":[{"href":"https:\/\/www.aufabwegen.de\/events\/wp-json\/wp\/v2\/posts"}],"about":[{"href":"https:\/\/www.aufabwegen.de\/events\/wp-json\/wp\/v2\/types\/post"}],"author":[{"embeddable":true,"href":"https:\/\/www.aufabwegen.de\/events\/wp-json\/wp\/v2\/users\/2"}],"replies":[{"embeddable":true,"href":"https:\/\/www.aufabwegen.de\/events\/wp-json\/wp\/v2\/comments?post=1443"}],"version-history":[{"count":9,"href":"https:\/\/www.aufabwegen.de\/events\/wp-json\/wp\/v2\/posts\/1443\/revisions"}],"predecessor-version":[{"id":1457,"href":"https:\/\/www.aufabwegen.de\/events\/wp-json\/wp\/v2\/posts\/1443\/revisions\/1457"}],"wp:featuredmedia":[{"embeddable":true,"href":"https:\/\/www.aufabwegen.de\/events\/wp-json\/wp\/v2\/media\/1445"}],"wp:attachment":[{"href":"https:\/\/www.aufabwegen.de\/events\/wp-json\/wp\/v2\/media?parent=1443"}],"wp:term":[{"taxonomy":"category","embeddable":true,"href":"https:\/\/www.aufabwegen.de\/events\/wp-json\/wp\/v2\/categories?post=1443"},{"taxonomy":"post_tag","embeddable":true,"href":"https:\/\/www.aufabwegen.de\/events\/wp-json\/wp\/v2\/tags?post=1443"}],"curies":[{"name":"wp","href":"https:\/\/api.w.org\/{rel}","templated":true}]}}