{"id":518,"date":"2008-12-02T23:43:26","date_gmt":"2008-12-02T21:43:26","guid":{"rendered":"http:\/\/www.aufabwegen.de\/magazin\/?p=518"},"modified":"2009-01-08T15:44:54","modified_gmt":"2009-01-08T13:44:54","slug":"this-morn-omina-inferno-cd","status":"publish","type":"post","link":"https:\/\/www.aufabwegen.de\/magazin\/this-morn-omina-inferno-cd\/","title":{"rendered":"This Morn&#8216; Omina &#8211; Inferno CD"},"content":{"rendered":"<p><img loading=\"lazy\" decoding=\"async\" class=\"alignnone size-medium wp-image-519\" title=\"s32\" src=\"https:\/\/www.aufabwegen.de\/magazin\/wp-content\/uploads\/2009\/01\/s32-300x297.jpg\" alt=\"\" width=\"150\" height=\"150\" srcset=\"https:\/\/www.aufabwegen.de\/magazin\/wp-content\/uploads\/2009\/01\/s32-300x297.jpg 300w, https:\/\/www.aufabwegen.de\/magazin\/wp-content\/uploads\/2009\/01\/s32-150x150.jpg 150w, https:\/\/www.aufabwegen.de\/magazin\/wp-content\/uploads\/2009\/01\/s32.jpg 425w\" sizes=\"auto, (max-width: 150px) 100vw, 150px\" \/><\/p>\n<p>This Morn&#8216; Omina<br \/>\nInferno CD<br \/>\n(Spectre s32)<\/p>\n<p>Nicht immer konnte uns die belgisceh Fomration This Morn&#8216; Omina \u00fcberzeugen, da doch die \u00c4u\u00dferungen zum Teil an eine arg heftige Hommage an Test Departmen oder Ritualkl\u00e4nge erinnerten. Nicht so auf <strong>Inferno<\/strong>, dem aktuellen Release (wundersch\u00f6n verpackt!), auf dem es drei dunkle Movements zum Thema &#8222;inferno&#8220; zu h\u00f6ren gibt. Fast ohne vordergr\u00fcndige Rhythmen ergie\u00dfen sich hier dunkelste Atmsoph\u00e4ren in den \u00c4ther, die von beklemmender Dichte sind. Alles ist sehr emotional und packend, dabei gleichzeitig aber auf einen hohem Abstraktionsniveau. Es werden somit keine platten Bez\u00fcge vorgegeben, sondern der Genu\u00df entfaltet sich auf H\u00f6rerseite in einer Reihe von Assoziationen, welche die Musik unweigerlich weckt. Blade Runner ist sicherlich eine spontane solche Assoziation. Was darauf folgt ist bei jedem anders und das ist gut so. Tolles Release!<br \/>\n<em>Zipo<\/em><br \/>\n<a href=\"http:\/\/www.spectre.be\" target=\"_blank\">www.spectre.be<\/a><\/p>\n","protected":false},"excerpt":{"rendered":"<p>This Morn&#8216; Omina Inferno CD (Spectre s32) Nicht immer konnte uns die belgisceh Fomration This Morn&#8216; Omina \u00fcberzeugen, da doch die \u00c4u\u00dferungen zum Teil an eine arg heftige Hommage an Test Departmen oder Ritualkl\u00e4nge erinnerten. Nicht so auf Inferno, dem aktuellen Release (wundersch\u00f6n verpackt!), auf dem es drei dunkle Movements zum Thema &#8222;inferno&#8220; zu h\u00f6ren [&hellip;]<\/p>\n","protected":false},"author":2,"featured_media":0,"comment_status":"closed","ping_status":"closed","sticky":false,"template":"","format":"standard","meta":{"footnotes":""},"categories":[58,345],"tags":[],"class_list":["post-518","post","type-post","status-publish","format-standard","hentry","category-logbuch","category-this-morn-omina","entry"],"_links":{"self":[{"href":"https:\/\/www.aufabwegen.de\/magazin\/wp-json\/wp\/v2\/posts\/518","targetHints":{"allow":["GET"]}}],"collection":[{"href":"https:\/\/www.aufabwegen.de\/magazin\/wp-json\/wp\/v2\/posts"}],"about":[{"href":"https:\/\/www.aufabwegen.de\/magazin\/wp-json\/wp\/v2\/types\/post"}],"author":[{"embeddable":true,"href":"https:\/\/www.aufabwegen.de\/magazin\/wp-json\/wp\/v2\/users\/2"}],"replies":[{"embeddable":true,"href":"https:\/\/www.aufabwegen.de\/magazin\/wp-json\/wp\/v2\/comments?post=518"}],"version-history":[{"count":1,"href":"https:\/\/www.aufabwegen.de\/magazin\/wp-json\/wp\/v2\/posts\/518\/revisions"}],"predecessor-version":[{"id":572,"href":"https:\/\/www.aufabwegen.de\/magazin\/wp-json\/wp\/v2\/posts\/518\/revisions\/572"}],"wp:attachment":[{"href":"https:\/\/www.aufabwegen.de\/magazin\/wp-json\/wp\/v2\/media?parent=518"}],"wp:term":[{"taxonomy":"category","embeddable":true,"href":"https:\/\/www.aufabwegen.de\/magazin\/wp-json\/wp\/v2\/categories?post=518"},{"taxonomy":"post_tag","embeddable":true,"href":"https:\/\/www.aufabwegen.de\/magazin\/wp-json\/wp\/v2\/tags?post=518"}],"curies":[{"name":"wp","href":"https:\/\/api.w.org\/{rel}","templated":true}]}}