{"id":6554,"date":"2021-01-01T21:45:00","date_gmt":"2021-01-01T19:45:00","guid":{"rendered":"http:\/\/www.aufabwegen.de\/magazin\/?p=6554"},"modified":"2021-02-01T21:48:42","modified_gmt":"2021-02-01T19:48:42","slug":"naegelen-risser-ruehl-fenetre-ovale-cd","status":"publish","type":"post","link":"https:\/\/www.aufabwegen.de\/magazin\/naegelen-risser-ruehl-fenetre-ovale-cd\/","title":{"rendered":"Naegelen\/Risser\/R\u00fchl &#8211; Fenetre Ovale CD"},"content":{"rendered":"\n<figure class=\"wp-block-image size-large is-resized\"><a href=\"https:\/\/www.aufabwegen.de\/magazin\/wp-content\/uploads\/2021\/02\/UMFRCD03.jpg\"><img loading=\"lazy\" decoding=\"async\" src=\"https:\/\/www.aufabwegen.de\/magazin\/wp-content\/uploads\/2021\/02\/UMFRCD03.jpg\" alt=\"\" class=\"wp-image-6556\" width=\"341\" height=\"300\" srcset=\"https:\/\/www.aufabwegen.de\/magazin\/wp-content\/uploads\/2021\/02\/UMFRCD03.jpg 599w, https:\/\/www.aufabwegen.de\/magazin\/wp-content\/uploads\/2021\/02\/UMFRCD03-300x264.jpg 300w\" sizes=\"auto, (max-width: 341px) 100vw, 341px\" \/><\/a><\/figure>\n\n\n\n<p>Naegelen\/Risser\/R\u00fchl<br>Fenetre Ovale CD<br>(Umlaut Records umfrcd03)<\/p>\n\n\n\n<p>Der Komponist (Karl Naegelen) und das Improv-Duo (Eve Risser &amp; Joris R\u00fchl) haben <strong>Fenetre Ovale <\/strong>gemeinsam erdacht. Dieser Hinweis scheint wichtig, denn wenn wir das Booklet korrekt verstanden haben, so sind alle drei Aktiven in einem Stadium zusammengetroffen, in dem noch nichts fest stand. Naegelen hat Skizzen angelegt, das St\u00fcck wurde in der weiteren Ausarbeitung und Improvisation um die kompositorischen Splitter herum weiter ausdifferenziert. Wie klingt das nun? Sehr bedeckt, sehr konzentriert. Eine ruhige und doch kraftvolle Musik aus Klarinette und pr\u00e4pariertem Klavier ist entstanden, die viele Pausen zul\u00e4sst und dann als Ereignisse freistehende Akkorde fast schon ausstellt. Nicht un\u00e4hnlich den bed\u00e4chtigen Progressionen der Gro\u00dfmeister von AMM. Toll!<br><em>Zipo<\/em><br><a rel=\"noreferrer noopener\" href=\"http:\/\/www.umlautrecords.com\" target=\"_blank\">www.umlautrecords.com<\/a><\/p>\n","protected":false},"excerpt":{"rendered":"<p>Der Komponist (Karl Naegelen) und das Improv-Duo (Eve Risser &#038; Joris R\u00fchl) haben Fenetre Ovale gemeinsam erdacht. Dieser Hinweis scheint wichtig, denn wenn wir das Booklet korrekt verstanden haben, so sind alle drei Aktiven in einem Stadium zusammengetroffen, in dem noch nichts fest stand.<\/p>\n","protected":false},"author":2,"featured_media":6556,"comment_status":"closed","ping_status":"closed","sticky":false,"template":"","format":"standard","meta":{"footnotes":""},"categories":[1036,1037,1493,58],"tags":[],"class_list":["post-6554","post","type-post","status-publish","format-standard","has-post-thumbnail","hentry","category-eve-risser","category-joris-ruhl","category-karl-naegelen","category-logbuch","entry","has-media"],"_links":{"self":[{"href":"https:\/\/www.aufabwegen.de\/magazin\/wp-json\/wp\/v2\/posts\/6554","targetHints":{"allow":["GET"]}}],"collection":[{"href":"https:\/\/www.aufabwegen.de\/magazin\/wp-json\/wp\/v2\/posts"}],"about":[{"href":"https:\/\/www.aufabwegen.de\/magazin\/wp-json\/wp\/v2\/types\/post"}],"author":[{"embeddable":true,"href":"https:\/\/www.aufabwegen.de\/magazin\/wp-json\/wp\/v2\/users\/2"}],"replies":[{"embeddable":true,"href":"https:\/\/www.aufabwegen.de\/magazin\/wp-json\/wp\/v2\/comments?post=6554"}],"version-history":[{"count":3,"href":"https:\/\/www.aufabwegen.de\/magazin\/wp-json\/wp\/v2\/posts\/6554\/revisions"}],"predecessor-version":[{"id":6558,"href":"https:\/\/www.aufabwegen.de\/magazin\/wp-json\/wp\/v2\/posts\/6554\/revisions\/6558"}],"wp:featuredmedia":[{"embeddable":true,"href":"https:\/\/www.aufabwegen.de\/magazin\/wp-json\/wp\/v2\/media\/6556"}],"wp:attachment":[{"href":"https:\/\/www.aufabwegen.de\/magazin\/wp-json\/wp\/v2\/media?parent=6554"}],"wp:term":[{"taxonomy":"category","embeddable":true,"href":"https:\/\/www.aufabwegen.de\/magazin\/wp-json\/wp\/v2\/categories?post=6554"},{"taxonomy":"post_tag","embeddable":true,"href":"https:\/\/www.aufabwegen.de\/magazin\/wp-json\/wp\/v2\/tags?post=6554"}],"curies":[{"name":"wp","href":"https:\/\/api.w.org\/{rel}","templated":true}]}}